{"id":9509,"date":"2021-02-23T00:00:00","date_gmt":"2021-02-23T00:00:00","guid":{"rendered":"https:\/\/goodworkinstitute.org\/?p=9509"},"modified":"2021-05-27T20:15:34","modified_gmt":"2021-05-27T20:15:34","slug":"we-all-shape-the-shared-journey","status":"publish","type":"post","link":"https:\/\/goodworkinstitute.org\/es\/we-all-shape-the-shared-journey\/","title":{"rendered":"Todos damos forma al viaje compartido"},"content":{"rendered":"<p>Liderazgo compartido. Poder compartido. Alguien me pregunt\u00f3 recientemente qu\u00e9 controles y equilibrios tiene el modelo WSDNP para garantizar que el poder se comparte. No ten\u00eda una respuesta preparada. Reflexionando, puedo intuir, no una respuesta, sino pistas que surgen de algunas de las formas m\u00e1s profundas y sutiles en que este modelo funciona en la pr\u00e1ctica.&nbsp;<\/p>\n\n\n\n<p>18 meses despu\u00e9s de reestructurar e iniciar nuestras pr\u00e1cticas democr\u00e1ticas en el lugar de trabajo, me anima descubrir que la propia estructura facilita las pr\u00e1cticas. Estoy seguro de que es posible reforzar las pr\u00e1cticas democr\u00e1ticas dentro de una estructura jer\u00e1rquica, del mismo modo que es posible remar o nadar contra corriente. Es posible, pero m\u00e1s dif\u00edcil. Reestructurarse en un WSDNP fue como invertir la corriente, para que la estructura fluya en la misma direcci\u00f3n que lo que queremos practicar. Mucho m\u00e1s f\u00e1cil. Practicar la democracia en una jerarqu\u00eda tambi\u00e9n es opcional... cuando ir contra corriente se vuelve demasiado agotador para la autoridad, puede simplemente invertir el curso e ir con la corriente. Hay una salida. Movi\u00e9ndonos con la corriente nosotros tambi\u00e9n podemos cansarnos, pero no tenemos vuelta atr\u00e1s... es la \u00fanica manera de avanzar. Lo que s\u00ed podemos hacer es tomar la decisi\u00f3n democr\u00e1tica de dirigirnos a la orilla del r\u00edo para hacer una pausa y recuperar juntos el aliento.&nbsp;<\/p>\n\n\n\n<p>Imagina que en lugar de estar en un r\u00edo, estamos conduciendo por la carretera. Todos los trabajadores est\u00e1n en el viaje y pueden dar forma a las respuestas a las preguntas: \u00bfHacia d\u00f3nde nos dirigimos? \u00bfC\u00f3mo llegaremos hasta all\u00ed? Tambi\u00e9n determinamos colectivamente, de forma din\u00e1mica: \u00bfQui\u00e9n guiar\u00e1 el viaje? Porque no basta con llegar al destino previsto para hacer un buen viaje por carretera. Un viaje por carretera gratificante y memorable implica que los viajeros se turnen en la conducci\u00f3n; en la navegaci\u00f3n; en la expresi\u00f3n de necesidades y\/o deseos de parar por el camino; en la decisi\u00f3n de cu\u00e1ndo y d\u00f3nde reponer fuerzas; en compartir aperitivos, historias, canciones, etc. El compromiso de cada viajero de contribuir a estas diferentes funciones es una met\u00e1fora del liderazgo compartido. Podemos seguir ensayando respuestas nuevas y diferentes a la pregunta de qui\u00e9n desempe\u00f1ar\u00e1 qu\u00e9 funciones. Resulta estimulante que la pregunta nos invite a ser m\u00e1s conscientes de nosotros mismos y de los dem\u00e1s. La pregunta nos invita a una comunicaci\u00f3n transparente y al crecimiento. Yo puedo conducir 8 horas seguidas siempre que sea de d\u00eda, pero mi colega duerme f\u00e1cilmente en un coche el\u00e9ctrico iluminado por el sol y puede hacernos avanzar en la oscuridad y la tranquilidad de la noche. Uno de nosotros puede poner una banda sonora relajante en los atascos, otro puede poner ritmo a la m\u00fasica para mantener nuestra energ\u00eda en los tramos llanos de la carretera.&nbsp;<\/p>\n\n\n\n<p>En un modelo de liderazgo compartido, tenemos mucho poder colectivo. Durante el verano, participamos en un taller sobre la construcci\u00f3n de la equidad racial en el que se plantearon preguntas para ayudarnos a centrarnos en las partes de nuestra instituci\u00f3n en las que tenemos poder discrecional. \u00bfSe trata de la planificaci\u00f3n, la presupuestaci\u00f3n, el personal, la elaboraci\u00f3n de pol\u00edticas o las pr\u00e1cticas? Podemos responder afirmativamente en todos los \u00e1mbitos. Todos tenemos voz en todos ellos. Tener voz requiere que cada uno de nosotros est\u00e9 dispuesto a influir y a dejarse influir. El hecho de que la toma de decisiones dependa de la influencia y no de la autoridad fomenta cosas hermosas, como: dar y recibir, pasar a veces a liderar y a veces a apoyar, y cuidar nuestras relaciones, lo que incluye reconocer cuidadosamente las tensiones y afrontar los conflictos.&nbsp;<\/p>\n\n\n\n<p>As\u00ed pues, los controles y equilibrios no funcionan tanto en el sentido en que solemos pensar en ellos, es decir, como una especie de auditor\u00eda externa. Creo que los controles y equilibrios funcionan dentro de nosotros y entre nosotros. No compartir bien el poder conduce a cosas que percibimos y notamos, como tensiones en las relaciones de trabajo, desequilibrios en los c\u00edrculos o din\u00e1micas malsanas. Sabemos que el trabajo que nos importa y con el que estamos comprometidos sufrir\u00e1 si no intentamos reequilibrarlo. Este modelo nos ayuda a tener el valor de estar dispuestos a ejercer influencia y tener voz.<\/p>","protected":false},"excerpt":{"rendered":"<p>Shared leadership. Sharing power. Someone recently asked me what checks and balances the WSDNP model has [&#8230;]<\/p>\n","protected":false},"author":2,"featured_media":9631,"comment_status":"open","ping_status":"open","sticky":false,"template":"","format":"standard","meta":{"_acf_changed":false,"footnotes":"","_links_to":"","_links_to_target":""},"categories":[1],"tags":[],"post-template":[],"collections":[],"series":[113,96],"class_list":["post-9509","post","type-post","status-publish","format-standard","has-post-thumbnail","hentry","category-uncategorized","series-notes-from-the-field","series-sharing-power"],"acf":[],"yoast_head":"<!-- This site is optimized with the Yoast SEO plugin v27.3 - https:\/\/yoast.com\/product\/yoast-seo-wordpress\/ -->\n<title>We All Shape the Shared Journey - Good Work Institute<\/title>\n<meta name=\"robots\" content=\"index, follow, max-snippet:-1, max-image-preview:large, max-video-preview:-1\" \/>\n<link rel=\"canonical\" href=\"https:\/\/goodworkinstitute.org\/es\/we-all-shape-the-shared-journey\/\" \/>\n<meta property=\"og:locale\" content=\"es_MX\" \/>\n<meta property=\"og:type\" content=\"article\" \/>\n<meta property=\"og:title\" content=\"We All Shape the Shared Journey - Good Work Institute\" \/>\n<meta property=\"og:description\" content=\"Shared leadership. Sharing power. Someone recently asked me what checks and balances the WSDNP model has [...]\" \/>\n<meta property=\"og:url\" content=\"https:\/\/goodworkinstitute.org\/es\/we-all-shape-the-shared-journey\/\" \/>\n<meta property=\"og:site_name\" content=\"Good Work Institute\" \/>\n<meta property=\"article:published_time\" content=\"2021-02-23T00:00:00+00:00\" \/>\n<meta property=\"article:modified_time\" content=\"2021-05-27T20:15:34+00:00\" \/>\n<meta property=\"og:image\" content=\"https:\/\/goodworkinstitute.org\/wp-content\/uploads\/2021\/02\/nftf-susan.jpg\" \/>\n\t<meta property=\"og:image:width\" content=\"1230\" \/>\n\t<meta property=\"og:image:height\" content=\"470\" \/>\n\t<meta property=\"og:image:type\" content=\"image\/jpeg\" \/>\n<meta name=\"author\" content=\"Lauren Gill\" \/>\n<meta name=\"twitter:card\" content=\"summary_large_image\" \/>\n<meta name=\"twitter:label1\" content=\"Escrito por\" \/>\n\t<meta name=\"twitter:data1\" content=\"Lauren Gill\" \/>\n\t<meta name=\"twitter:label2\" content=\"Tiempo de lectura\" \/>\n\t<meta name=\"twitter:data2\" content=\"3 minutos\" \/>\n<script type=\"application\/ld+json\" class=\"yoast-schema-graph\">{\"@context\":\"https:\\\/\\\/schema.org\",\"@graph\":[{\"@type\":\"Article\",\"@id\":\"https:\\\/\\\/goodworkinstitute.org\\\/we-all-shape-the-shared-journey\\\/#article\",\"isPartOf\":{\"@id\":\"https:\\\/\\\/goodworkinstitute.org\\\/we-all-shape-the-shared-journey\\\/\"},\"author\":{\"name\":\"Lauren Gill\",\"@id\":\"https:\\\/\\\/goodworkinstitute.org\\\/#\\\/schema\\\/person\\\/7505500e2b85f70ab522aac68c65873f\"},\"headline\":\"We All Shape the Shared Journey\",\"datePublished\":\"2021-02-23T00:00:00+00:00\",\"dateModified\":\"2021-05-27T20:15:34+00:00\",\"mainEntityOfPage\":{\"@id\":\"https:\\\/\\\/goodworkinstitute.org\\\/we-all-shape-the-shared-journey\\\/\"},\"wordCount\":671,\"commentCount\":0,\"image\":{\"@id\":\"https:\\\/\\\/goodworkinstitute.org\\\/we-all-shape-the-shared-journey\\\/#primaryimage\"},\"thumbnailUrl\":\"https:\\\/\\\/goodworkinstitute.org\\\/wp-content\\\/uploads\\\/2021\\\/02\\\/nftf-susan.jpg\",\"articleSection\":[\"Uncategorized\"],\"inLanguage\":\"es\"},{\"@type\":\"WebPage\",\"@id\":\"https:\\\/\\\/goodworkinstitute.org\\\/we-all-shape-the-shared-journey\\\/\",\"url\":\"https:\\\/\\\/goodworkinstitute.org\\\/we-all-shape-the-shared-journey\\\/\",\"name\":\"We All Shape the Shared Journey - Good Work Institute\",\"isPartOf\":{\"@id\":\"https:\\\/\\\/goodworkinstitute.org\\\/#website\"},\"primaryImageOfPage\":{\"@id\":\"https:\\\/\\\/goodworkinstitute.org\\\/we-all-shape-the-shared-journey\\\/#primaryimage\"},\"image\":{\"@id\":\"https:\\\/\\\/goodworkinstitute.org\\\/we-all-shape-the-shared-journey\\\/#primaryimage\"},\"thumbnailUrl\":\"https:\\\/\\\/goodworkinstitute.org\\\/wp-content\\\/uploads\\\/2021\\\/02\\\/nftf-susan.jpg\",\"datePublished\":\"2021-02-23T00:00:00+00:00\",\"dateModified\":\"2021-05-27T20:15:34+00:00\",\"author\":{\"@id\":\"https:\\\/\\\/goodworkinstitute.org\\\/#\\\/schema\\\/person\\\/7505500e2b85f70ab522aac68c65873f\"},\"breadcrumb\":{\"@id\":\"https:\\\/\\\/goodworkinstitute.org\\\/we-all-shape-the-shared-journey\\\/#breadcrumb\"},\"inLanguage\":\"es\",\"potentialAction\":[{\"@type\":\"ReadAction\",\"target\":[\"https:\\\/\\\/goodworkinstitute.org\\\/we-all-shape-the-shared-journey\\\/\"]}]},{\"@type\":\"ImageObject\",\"inLanguage\":\"es\",\"@id\":\"https:\\\/\\\/goodworkinstitute.org\\\/we-all-shape-the-shared-journey\\\/#primaryimage\",\"url\":\"https:\\\/\\\/goodworkinstitute.org\\\/wp-content\\\/uploads\\\/2021\\\/02\\\/nftf-susan.jpg\",\"contentUrl\":\"https:\\\/\\\/goodworkinstitute.org\\\/wp-content\\\/uploads\\\/2021\\\/02\\\/nftf-susan.jpg\",\"width\":1230,\"height\":470},{\"@type\":\"BreadcrumbList\",\"@id\":\"https:\\\/\\\/goodworkinstitute.org\\\/we-all-shape-the-shared-journey\\\/#breadcrumb\",\"itemListElement\":[{\"@type\":\"ListItem\",\"position\":1,\"name\":\"Home\",\"item\":\"https:\\\/\\\/goodworkinstitute.org\\\/\"},{\"@type\":\"ListItem\",\"position\":2,\"name\":\"We All Shape the Shared Journey\"}]},{\"@type\":\"WebSite\",\"@id\":\"https:\\\/\\\/goodworkinstitute.org\\\/#website\",\"url\":\"https:\\\/\\\/goodworkinstitute.org\\\/\",\"name\":\"Good Work Institute\",\"description\":\"Working towards Just Transition\",\"potentialAction\":[{\"@type\":\"SearchAction\",\"target\":{\"@type\":\"EntryPoint\",\"urlTemplate\":\"https:\\\/\\\/goodworkinstitute.org\\\/?s={search_term_string}\"},\"query-input\":{\"@type\":\"PropertyValueSpecification\",\"valueRequired\":true,\"valueName\":\"search_term_string\"}}],\"inLanguage\":\"es\"},{\"@type\":\"Person\",\"@id\":\"https:\\\/\\\/goodworkinstitute.org\\\/#\\\/schema\\\/person\\\/7505500e2b85f70ab522aac68c65873f\",\"name\":\"Lauren Gill\",\"image\":{\"@type\":\"ImageObject\",\"inLanguage\":\"es\",\"@id\":\"https:\\\/\\\/secure.gravatar.com\\\/avatar\\\/9d47aa0fb13b15abc20da9b58a37711391986de32a2eed5c1525dcf78723193a?s=96&d=mm&r=g\",\"url\":\"https:\\\/\\\/secure.gravatar.com\\\/avatar\\\/9d47aa0fb13b15abc20da9b58a37711391986de32a2eed5c1525dcf78723193a?s=96&d=mm&r=g\",\"contentUrl\":\"https:\\\/\\\/secure.gravatar.com\\\/avatar\\\/9d47aa0fb13b15abc20da9b58a37711391986de32a2eed5c1525dcf78723193a?s=96&d=mm&r=g\",\"caption\":\"Lauren Gill\"},\"url\":\"https:\\\/\\\/goodworkinstitute.org\\\/es\\\/author\\\/lauren\\\/\"}]}<\/script>\n<!-- \/ Yoast SEO plugin. -->","yoast_head_json":{"title":"Todos damos forma al viaje compartido - Instituto del Buen Trabajo","robots":{"index":"index","follow":"follow","max-snippet":"max-snippet:-1","max-image-preview":"max-image-preview:large","max-video-preview":"max-video-preview:-1"},"canonical":"https:\/\/goodworkinstitute.org\/es\/we-all-shape-the-shared-journey\/","og_locale":"es_MX","og_type":"article","og_title":"We All Shape the Shared Journey - Good Work Institute","og_description":"Shared leadership. Sharing power. Someone recently asked me what checks and balances the WSDNP model has [...]","og_url":"https:\/\/goodworkinstitute.org\/es\/we-all-shape-the-shared-journey\/","og_site_name":"Good Work Institute","article_published_time":"2021-02-23T00:00:00+00:00","article_modified_time":"2021-05-27T20:15:34+00:00","og_image":[{"width":1230,"height":470,"url":"https:\/\/goodworkinstitute.org\/wp-content\/uploads\/2021\/02\/nftf-susan.jpg","type":"image\/jpeg"}],"author":"Lauren Gill","twitter_card":"summary_large_image","twitter_misc":{"Escrito por":"Lauren Gill","Tiempo de lectura":"3 minutos"},"schema":{"@context":"https:\/\/schema.org","@graph":[{"@type":"Article","@id":"https:\/\/goodworkinstitute.org\/we-all-shape-the-shared-journey\/#article","isPartOf":{"@id":"https:\/\/goodworkinstitute.org\/we-all-shape-the-shared-journey\/"},"author":{"name":"Lauren Gill","@id":"https:\/\/goodworkinstitute.org\/#\/schema\/person\/7505500e2b85f70ab522aac68c65873f"},"headline":"We All Shape the Shared Journey","datePublished":"2021-02-23T00:00:00+00:00","dateModified":"2021-05-27T20:15:34+00:00","mainEntityOfPage":{"@id":"https:\/\/goodworkinstitute.org\/we-all-shape-the-shared-journey\/"},"wordCount":671,"commentCount":0,"image":{"@id":"https:\/\/goodworkinstitute.org\/we-all-shape-the-shared-journey\/#primaryimage"},"thumbnailUrl":"https:\/\/goodworkinstitute.org\/wp-content\/uploads\/2021\/02\/nftf-susan.jpg","articleSection":["Uncategorized"],"inLanguage":"es"},{"@type":"WebPage","@id":"https:\/\/goodworkinstitute.org\/we-all-shape-the-shared-journey\/","url":"https:\/\/goodworkinstitute.org\/we-all-shape-the-shared-journey\/","name":"Todos damos forma al viaje compartido - Instituto del Buen Trabajo","isPartOf":{"@id":"https:\/\/goodworkinstitute.org\/#website"},"primaryImageOfPage":{"@id":"https:\/\/goodworkinstitute.org\/we-all-shape-the-shared-journey\/#primaryimage"},"image":{"@id":"https:\/\/goodworkinstitute.org\/we-all-shape-the-shared-journey\/#primaryimage"},"thumbnailUrl":"https:\/\/goodworkinstitute.org\/wp-content\/uploads\/2021\/02\/nftf-susan.jpg","datePublished":"2021-02-23T00:00:00+00:00","dateModified":"2021-05-27T20:15:34+00:00","author":{"@id":"https:\/\/goodworkinstitute.org\/#\/schema\/person\/7505500e2b85f70ab522aac68c65873f"},"breadcrumb":{"@id":"https:\/\/goodworkinstitute.org\/we-all-shape-the-shared-journey\/#breadcrumb"},"inLanguage":"es","potentialAction":[{"@type":"ReadAction","target":["https:\/\/goodworkinstitute.org\/we-all-shape-the-shared-journey\/"]}]},{"@type":"ImageObject","inLanguage":"es","@id":"https:\/\/goodworkinstitute.org\/we-all-shape-the-shared-journey\/#primaryimage","url":"https:\/\/goodworkinstitute.org\/wp-content\/uploads\/2021\/02\/nftf-susan.jpg","contentUrl":"https:\/\/goodworkinstitute.org\/wp-content\/uploads\/2021\/02\/nftf-susan.jpg","width":1230,"height":470},{"@type":"BreadcrumbList","@id":"https:\/\/goodworkinstitute.org\/we-all-shape-the-shared-journey\/#breadcrumb","itemListElement":[{"@type":"ListItem","position":1,"name":"Home","item":"https:\/\/goodworkinstitute.org\/"},{"@type":"ListItem","position":2,"name":"We All Shape the Shared Journey"}]},{"@type":"WebSite","@id":"https:\/\/goodworkinstitute.org\/#website","url":"https:\/\/goodworkinstitute.org\/","name":"Instituto del Buen Trabajo","description":"Hacia una transici\u00f3n justa","potentialAction":[{"@type":"SearchAction","target":{"@type":"EntryPoint","urlTemplate":"https:\/\/goodworkinstitute.org\/?s={search_term_string}"},"query-input":{"@type":"PropertyValueSpecification","valueRequired":true,"valueName":"search_term_string"}}],"inLanguage":"es"},{"@type":"Person","@id":"https:\/\/goodworkinstitute.org\/#\/schema\/person\/7505500e2b85f70ab522aac68c65873f","name":"Lauren Gill","image":{"@type":"ImageObject","inLanguage":"es","@id":"https:\/\/secure.gravatar.com\/avatar\/9d47aa0fb13b15abc20da9b58a37711391986de32a2eed5c1525dcf78723193a?s=96&d=mm&r=g","url":"https:\/\/secure.gravatar.com\/avatar\/9d47aa0fb13b15abc20da9b58a37711391986de32a2eed5c1525dcf78723193a?s=96&d=mm&r=g","contentUrl":"https:\/\/secure.gravatar.com\/avatar\/9d47aa0fb13b15abc20da9b58a37711391986de32a2eed5c1525dcf78723193a?s=96&d=mm&r=g","caption":"Lauren Gill"},"url":"https:\/\/goodworkinstitute.org\/es\/author\/lauren\/"}]}},"_links":{"self":[{"href":"https:\/\/goodworkinstitute.org\/es\/wp-json\/wp\/v2\/posts\/9509","targetHints":{"allow":["GET"]}}],"collection":[{"href":"https:\/\/goodworkinstitute.org\/es\/wp-json\/wp\/v2\/posts"}],"about":[{"href":"https:\/\/goodworkinstitute.org\/es\/wp-json\/wp\/v2\/types\/post"}],"author":[{"embeddable":true,"href":"https:\/\/goodworkinstitute.org\/es\/wp-json\/wp\/v2\/users\/2"}],"replies":[{"embeddable":true,"href":"https:\/\/goodworkinstitute.org\/es\/wp-json\/wp\/v2\/comments?post=9509"}],"version-history":[{"count":2,"href":"https:\/\/goodworkinstitute.org\/es\/wp-json\/wp\/v2\/posts\/9509\/revisions"}],"predecessor-version":[{"id":9633,"href":"https:\/\/goodworkinstitute.org\/es\/wp-json\/wp\/v2\/posts\/9509\/revisions\/9633"}],"wp:featuredmedia":[{"embeddable":true,"href":"https:\/\/goodworkinstitute.org\/es\/wp-json\/wp\/v2\/media\/9631"}],"wp:attachment":[{"href":"https:\/\/goodworkinstitute.org\/es\/wp-json\/wp\/v2\/media?parent=9509"}],"wp:term":[{"taxonomy":"category","embeddable":true,"href":"https:\/\/goodworkinstitute.org\/es\/wp-json\/wp\/v2\/categories?post=9509"},{"taxonomy":"post_tag","embeddable":true,"href":"https:\/\/goodworkinstitute.org\/es\/wp-json\/wp\/v2\/tags?post=9509"},{"taxonomy":"post-template","embeddable":true,"href":"https:\/\/goodworkinstitute.org\/es\/wp-json\/wp\/v2\/post-template?post=9509"},{"taxonomy":"collections","embeddable":true,"href":"https:\/\/goodworkinstitute.org\/es\/wp-json\/wp\/v2\/collections?post=9509"},{"taxonomy":"series","embeddable":true,"href":"https:\/\/goodworkinstitute.org\/es\/wp-json\/wp\/v2\/series?post=9509"}],"curies":[{"name":"wp","href":"https:\/\/api.w.org\/{rel}","templated":true}]}}