{"id":16753,"date":"2025-02-28T08:30:46","date_gmt":"2025-02-28T13:30:46","guid":{"rendered":"https:\/\/goodworkinstitute.org\/?p=16753"},"modified":"2025-05-15T12:17:00","modified_gmt":"2025-05-15T16:17:00","slug":"on-todays-economic-blackout","status":"publish","type":"post","link":"https:\/\/goodworkinstitute.org\/es\/on-todays-economic-blackout\/","title":{"rendered":"Sobre el apag\u00f3n econ\u00f3mico actual"},"content":{"rendered":"<p>Nos solidarizamos con nuestras comunidades mientras trabajamos para perturbar y reformar nuestro sistema econ\u00f3mico. Durante el apag\u00f3n econ\u00f3mico actual, animamos a todos a adoptar los principios de la Transici\u00f3n Justa y a reconocer el poder de la gente corriente para impulsar el cambio.\u00a0<\/p>\n\n\n\n<p>La Transici\u00f3n Justa nos llama a imaginar y cocrear una econom\u00eda regenerativa centrada en las personas y el planeta. El verdadero bienestar implica replantearse c\u00f3mo compartimos los recursos y cooperamos.<\/p>\n\n\n\n<p>La democracia profunda es la base de una econom\u00eda regenerativa. Practicar la democracia profunda m\u00e1s all\u00e1 de las elecciones peri\u00f3dicas, mediante la participaci\u00f3n activa y continua, garantiza que los ciudadanos tengamos voz y seamos capaces de influir y afectar a las decisiones que conforman nuestras vidas y nuestras comunidades.<\/p>\n\n\n\n<p>Por eso, a partir de hoy, le invitamos a explorar y compartir formas de consumir menos y comprar de forma m\u00e1s responsable, ya sea optando por la segunda mano, reutilizando art\u00edculos obsoletos o regalando art\u00edculos sin usar a quienes los necesitan.<\/p>\n\n\n\n<p>Los trabajadores de GWI comparten sus pensamientos sobre lo que este d\u00eda significa para ellos:<\/p>\n\n\n\n<p><em>A la luz de lo que est\u00e1 ocurriendo en nuestro pa\u00eds, no dejo de preguntarme qu\u00e9 es la solidaridad. Parece que implica elegir ser afectado<\/em><strong><em> <\/em><\/strong><em>tanto si las acciones perjudiciales me afectan directamente como si no (todav\u00eda), en la l\u00ednea de que lo que afecta a uno de nosotros nos afecta a todos. Como no siempre tengo claro c\u00f3mo poner en acci\u00f3n las percepciones que surgen, \u00a1hoy me alegro de participar en el boicot econ\u00f3mico solidario!<\/em> - Susan<\/p>\n\n\n\n<p><em>En una sociedad capitalista, la \u00fanica medida sancionada que nos queda es no participar. Cuando volvamos a comprar y consumir al d\u00eda siguiente, puede que nuestra falta de participaci\u00f3n durante un d\u00eda no altere mucho el sistema. Pero es una muestra de solidaridad y esa acci\u00f3n significa algo. <\/em>- Micah<\/p>\n\n\n\n<p><em>Al decidir participar en el boicot econ\u00f3mico, he estado pensando en la cita de Angela Davis: \"Tienes que actuar como si fuera posible transformar radicalmente el mundo. Y tienes que hacerlo todo el tiempo\". Este es un d\u00eda, pero con \u00e9l viene un compromiso intencionado a largo plazo para cambiar mis h\u00e1bitos de consumo y participar m\u00e1s activamente en modelos alternativos de reparto de recursos.<\/em> - Mariam<\/p>\n\n\n\n<p><em>Unirme al Apag\u00f3n parece lo m\u00e1s peque\u00f1o y f\u00e1cil que puedo hacer, pero es mucho m\u00e1s que dejar de alimentar la codicia y la opresi\u00f3n de las empresas. Se trata de una acci\u00f3n colectiva, y al participar me solidarizo con mi comunidad y apoyo todo lo local.<\/em> - Masa<\/p>\n\n\n\n<p><em>En la sabidur\u00eda dominante, las empresas minoristas dependen de los clientes para sobrevivir y prosperar. Pero cada vez m\u00e1s, se comportan como si sus clientes reales fueran sus accionistas, consejos de administraci\u00f3n, directores generales y aliados pol\u00edticos que ofrecen la desregulaci\u00f3n de las protecciones para la tierra y los trabajadores. Tengo curiosidad por saber qu\u00e9 mensaje escuchan hoy.<\/em> - H\u00e9l\u00e8ne<\/p>\n\n\n\n<p><em>Puede que hoy s\u00f3lo sea un d\u00eda de nuestro largo viaje. Pero hoy nos invita a movernos con intenci\u00f3n. Nos invita a servir a nuestras comunidades y a nosotros mismos. Nos invita a conectar y a crear de forma diferente, porque si queremos algo diferente, tenemos que construir de forma diferente.<\/em> - Aja<\/p>\n\n\n\n<p>P.D. \u00danase a nosotros el 14 de marzo para conectarse con miembros de la comunidad que buscan el cambio, y aprenda m\u00e1s sobre Transici\u00f3n Justa, en nuestra sesi\u00f3n introductoria: <a href=\"https:\/\/goodworkinstitute.org\/es\/events\/just-transition-primer-12\/\">Cartilla de transici\u00f3n justa<\/a><\/p>","protected":false},"excerpt":{"rendered":"<p>Nos solidarizamos con nuestras comunidades mientras trabajamos para perturbar y reformar nuestro sistema econ\u00f3mico. Durante el apag\u00f3n econ\u00f3mico actual, animamos a todos a adoptar los principios de la Transici\u00f3n Justa y a reconocer el poder de la gente corriente para impulsar el cambio.\u00a0<\/p>","protected":false},"author":4,"featured_media":16754,"comment_status":"closed","ping_status":"closed","sticky":false,"template":"","format":"standard","meta":{"_acf_changed":false,"footnotes":"","_links_to":"","_links_to_target":""},"categories":[1],"tags":[166,186,173,185],"post-template":[],"collections":[],"series":[98],"class_list":["post-16753","post","type-post","status-publish","format-standard","has-post-thumbnail","hentry","category-uncategorized","tag-awareness","tag-buylocal","tag-inclusive-economies","tag-regenerative-economy","series-news"],"acf":[],"yoast_head":"<!-- This site is optimized with the Yoast SEO plugin v27.3 - https:\/\/yoast.com\/product\/yoast-seo-wordpress\/ -->\n<title>On Today&#039;s Economic Blackout - Good Work Institute<\/title>\n<meta name=\"description\" content=\"We stand in solidarity with our communities as we work to disrupt and reform our economic system. During today\u2019s economic blackout, we encourage everyone to embrace the principles of Just Transition and recognize the power of everyday people to drive change.\u00a0\" \/>\n<meta name=\"robots\" content=\"index, follow, max-snippet:-1, max-image-preview:large, max-video-preview:-1\" \/>\n<link rel=\"canonical\" href=\"https:\/\/goodworkinstitute.org\/es\/on-todays-economic-blackout\/\" \/>\n<meta property=\"og:locale\" content=\"es_MX\" \/>\n<meta property=\"og:type\" content=\"article\" \/>\n<meta property=\"og:title\" content=\"On Today&#039;s Economic Blackout - Good Work Institute\" \/>\n<meta property=\"og:description\" content=\"We stand in solidarity with our communities as we work to disrupt and reform our economic system. During today\u2019s economic blackout, we encourage everyone to embrace the principles of Just Transition and recognize the power of everyday people to drive change.\u00a0\" \/>\n<meta property=\"og:url\" content=\"https:\/\/goodworkinstitute.org\/es\/on-todays-economic-blackout\/\" \/>\n<meta property=\"og:site_name\" content=\"Good Work Institute\" \/>\n<meta property=\"article:published_time\" content=\"2025-02-28T13:30:46+00:00\" \/>\n<meta property=\"article:modified_time\" content=\"2025-05-15T16:17:00+00:00\" \/>\n<meta property=\"og:image\" content=\"https:\/\/goodworkinstitute.org\/wp-content\/uploads\/2025\/02\/250228_Economic-Blackout-IG.png\" \/>\n\t<meta property=\"og:image:width\" content=\"1080\" \/>\n\t<meta property=\"og:image:height\" content=\"1350\" \/>\n\t<meta property=\"og:image:type\" content=\"image\/png\" \/>\n<meta name=\"author\" content=\"Helene\" \/>\n<meta name=\"twitter:card\" content=\"summary_large_image\" \/>\n<meta name=\"twitter:label1\" content=\"Escrito por\" \/>\n\t<meta name=\"twitter:data1\" content=\"Helene\" \/>\n\t<meta name=\"twitter:label2\" content=\"Tiempo de lectura\" \/>\n\t<meta name=\"twitter:data2\" content=\"3 minutos\" \/>\n<script type=\"application\/ld+json\" class=\"yoast-schema-graph\">{\"@context\":\"https:\\\/\\\/schema.org\",\"@graph\":[{\"@type\":\"Article\",\"@id\":\"https:\\\/\\\/goodworkinstitute.org\\\/on-todays-economic-blackout\\\/#article\",\"isPartOf\":{\"@id\":\"https:\\\/\\\/goodworkinstitute.org\\\/on-todays-economic-blackout\\\/\"},\"author\":{\"name\":\"Helene\",\"@id\":\"https:\\\/\\\/goodworkinstitute.org\\\/#\\\/schema\\\/person\\\/e8281768cdbde7be003d685cb37b00b1\"},\"headline\":\"On Today&#8217;s Economic Blackout\",\"datePublished\":\"2025-02-28T13:30:46+00:00\",\"dateModified\":\"2025-05-15T16:17:00+00:00\",\"mainEntityOfPage\":{\"@id\":\"https:\\\/\\\/goodworkinstitute.org\\\/on-todays-economic-blackout\\\/\"},\"wordCount\":553,\"image\":{\"@id\":\"https:\\\/\\\/goodworkinstitute.org\\\/on-todays-economic-blackout\\\/#primaryimage\"},\"thumbnailUrl\":\"https:\\\/\\\/goodworkinstitute.org\\\/wp-content\\\/uploads\\\/2025\\\/02\\\/250228_Economic-Blackout-IG.png\",\"keywords\":[\"awareness\",\"buylocal\",\"inclusive economies\",\"regenerative economy\"],\"articleSection\":[\"Uncategorized\"],\"inLanguage\":\"es\"},{\"@type\":\"WebPage\",\"@id\":\"https:\\\/\\\/goodworkinstitute.org\\\/on-todays-economic-blackout\\\/\",\"url\":\"https:\\\/\\\/goodworkinstitute.org\\\/on-todays-economic-blackout\\\/\",\"name\":\"On Today's Economic Blackout - Good Work Institute\",\"isPartOf\":{\"@id\":\"https:\\\/\\\/goodworkinstitute.org\\\/#website\"},\"primaryImageOfPage\":{\"@id\":\"https:\\\/\\\/goodworkinstitute.org\\\/on-todays-economic-blackout\\\/#primaryimage\"},\"image\":{\"@id\":\"https:\\\/\\\/goodworkinstitute.org\\\/on-todays-economic-blackout\\\/#primaryimage\"},\"thumbnailUrl\":\"https:\\\/\\\/goodworkinstitute.org\\\/wp-content\\\/uploads\\\/2025\\\/02\\\/250228_Economic-Blackout-IG.png\",\"datePublished\":\"2025-02-28T13:30:46+00:00\",\"dateModified\":\"2025-05-15T16:17:00+00:00\",\"author\":{\"@id\":\"https:\\\/\\\/goodworkinstitute.org\\\/#\\\/schema\\\/person\\\/e8281768cdbde7be003d685cb37b00b1\"},\"description\":\"We stand in solidarity with our communities as we work to disrupt and reform our economic system. During today\u2019s economic blackout, we encourage everyone to embrace the principles of Just Transition and recognize the power of everyday people to drive change.\u00a0\",\"breadcrumb\":{\"@id\":\"https:\\\/\\\/goodworkinstitute.org\\\/on-todays-economic-blackout\\\/#breadcrumb\"},\"inLanguage\":\"es\",\"potentialAction\":[{\"@type\":\"ReadAction\",\"target\":[\"https:\\\/\\\/goodworkinstitute.org\\\/on-todays-economic-blackout\\\/\"]}]},{\"@type\":\"ImageObject\",\"inLanguage\":\"es\",\"@id\":\"https:\\\/\\\/goodworkinstitute.org\\\/on-todays-economic-blackout\\\/#primaryimage\",\"url\":\"https:\\\/\\\/goodworkinstitute.org\\\/wp-content\\\/uploads\\\/2025\\\/02\\\/250228_Economic-Blackout-IG.png\",\"contentUrl\":\"https:\\\/\\\/goodworkinstitute.org\\\/wp-content\\\/uploads\\\/2025\\\/02\\\/250228_Economic-Blackout-IG.png\",\"width\":1080,\"height\":1350},{\"@type\":\"BreadcrumbList\",\"@id\":\"https:\\\/\\\/goodworkinstitute.org\\\/on-todays-economic-blackout\\\/#breadcrumb\",\"itemListElement\":[{\"@type\":\"ListItem\",\"position\":1,\"name\":\"Home\",\"item\":\"https:\\\/\\\/goodworkinstitute.org\\\/\"},{\"@type\":\"ListItem\",\"position\":2,\"name\":\"On Today&#8217;s Economic Blackout\"}]},{\"@type\":\"WebSite\",\"@id\":\"https:\\\/\\\/goodworkinstitute.org\\\/#website\",\"url\":\"https:\\\/\\\/goodworkinstitute.org\\\/\",\"name\":\"Good Work Institute\",\"description\":\"Working towards Just Transition\",\"potentialAction\":[{\"@type\":\"SearchAction\",\"target\":{\"@type\":\"EntryPoint\",\"urlTemplate\":\"https:\\\/\\\/goodworkinstitute.org\\\/?s={search_term_string}\"},\"query-input\":{\"@type\":\"PropertyValueSpecification\",\"valueRequired\":true,\"valueName\":\"search_term_string\"}}],\"inLanguage\":\"es\"},{\"@type\":\"Person\",\"@id\":\"https:\\\/\\\/goodworkinstitute.org\\\/#\\\/schema\\\/person\\\/e8281768cdbde7be003d685cb37b00b1\",\"name\":\"Helene\",\"image\":{\"@type\":\"ImageObject\",\"inLanguage\":\"es\",\"@id\":\"https:\\\/\\\/secure.gravatar.com\\\/avatar\\\/d30ebffcb2a9276648ce412c28db0a81a5f6dff5fab13e09ac06c20f13be8ae3?s=96&d=mm&r=g\",\"url\":\"https:\\\/\\\/secure.gravatar.com\\\/avatar\\\/d30ebffcb2a9276648ce412c28db0a81a5f6dff5fab13e09ac06c20f13be8ae3?s=96&d=mm&r=g\",\"contentUrl\":\"https:\\\/\\\/secure.gravatar.com\\\/avatar\\\/d30ebffcb2a9276648ce412c28db0a81a5f6dff5fab13e09ac06c20f13be8ae3?s=96&d=mm&r=g\",\"caption\":\"Helene\"},\"url\":\"https:\\\/\\\/goodworkinstitute.org\\\/es\\\/author\\\/helene\\\/\"}]}<\/script>\n<!-- \/ Yoast SEO plugin. -->","yoast_head_json":{"title":"Sobre el apag\u00f3n econ\u00f3mico actual - Instituto del Buen Trabajo","description":"Nos solidarizamos con nuestras comunidades mientras trabajamos para perturbar y reformar nuestro sistema econ\u00f3mico. Durante el apag\u00f3n econ\u00f3mico actual, animamos a todos a adoptar los principios de la Transici\u00f3n Justa y a reconocer el poder de la gente corriente para impulsar el cambio.\u00a0","robots":{"index":"index","follow":"follow","max-snippet":"max-snippet:-1","max-image-preview":"max-image-preview:large","max-video-preview":"max-video-preview:-1"},"canonical":"https:\/\/goodworkinstitute.org\/es\/on-todays-economic-blackout\/","og_locale":"es_MX","og_type":"article","og_title":"On Today's Economic Blackout - Good Work Institute","og_description":"We stand in solidarity with our communities as we work to disrupt and reform our economic system. During today\u2019s economic blackout, we encourage everyone to embrace the principles of Just Transition and recognize the power of everyday people to drive change.\u00a0","og_url":"https:\/\/goodworkinstitute.org\/es\/on-todays-economic-blackout\/","og_site_name":"Good Work Institute","article_published_time":"2025-02-28T13:30:46+00:00","article_modified_time":"2025-05-15T16:17:00+00:00","og_image":[{"width":1080,"height":1350,"url":"https:\/\/goodworkinstitute.org\/wp-content\/uploads\/2025\/02\/250228_Economic-Blackout-IG.png","type":"image\/png"}],"author":"Helene","twitter_card":"summary_large_image","twitter_misc":{"Escrito por":"Helene","Tiempo de lectura":"3 minutos"},"schema":{"@context":"https:\/\/schema.org","@graph":[{"@type":"Article","@id":"https:\/\/goodworkinstitute.org\/on-todays-economic-blackout\/#article","isPartOf":{"@id":"https:\/\/goodworkinstitute.org\/on-todays-economic-blackout\/"},"author":{"name":"Helene","@id":"https:\/\/goodworkinstitute.org\/#\/schema\/person\/e8281768cdbde7be003d685cb37b00b1"},"headline":"On Today&#8217;s Economic Blackout","datePublished":"2025-02-28T13:30:46+00:00","dateModified":"2025-05-15T16:17:00+00:00","mainEntityOfPage":{"@id":"https:\/\/goodworkinstitute.org\/on-todays-economic-blackout\/"},"wordCount":553,"image":{"@id":"https:\/\/goodworkinstitute.org\/on-todays-economic-blackout\/#primaryimage"},"thumbnailUrl":"https:\/\/goodworkinstitute.org\/wp-content\/uploads\/2025\/02\/250228_Economic-Blackout-IG.png","keywords":["awareness","buylocal","inclusive economies","regenerative economy"],"articleSection":["Uncategorized"],"inLanguage":"es"},{"@type":"WebPage","@id":"https:\/\/goodworkinstitute.org\/on-todays-economic-blackout\/","url":"https:\/\/goodworkinstitute.org\/on-todays-economic-blackout\/","name":"Sobre el apag\u00f3n econ\u00f3mico actual - Instituto del Buen Trabajo","isPartOf":{"@id":"https:\/\/goodworkinstitute.org\/#website"},"primaryImageOfPage":{"@id":"https:\/\/goodworkinstitute.org\/on-todays-economic-blackout\/#primaryimage"},"image":{"@id":"https:\/\/goodworkinstitute.org\/on-todays-economic-blackout\/#primaryimage"},"thumbnailUrl":"https:\/\/goodworkinstitute.org\/wp-content\/uploads\/2025\/02\/250228_Economic-Blackout-IG.png","datePublished":"2025-02-28T13:30:46+00:00","dateModified":"2025-05-15T16:17:00+00:00","author":{"@id":"https:\/\/goodworkinstitute.org\/#\/schema\/person\/e8281768cdbde7be003d685cb37b00b1"},"description":"Nos solidarizamos con nuestras comunidades mientras trabajamos para perturbar y reformar nuestro sistema econ\u00f3mico. Durante el apag\u00f3n econ\u00f3mico actual, animamos a todos a adoptar los principios de la Transici\u00f3n Justa y a reconocer el poder de la gente corriente para impulsar el cambio.\u00a0","breadcrumb":{"@id":"https:\/\/goodworkinstitute.org\/on-todays-economic-blackout\/#breadcrumb"},"inLanguage":"es","potentialAction":[{"@type":"ReadAction","target":["https:\/\/goodworkinstitute.org\/on-todays-economic-blackout\/"]}]},{"@type":"ImageObject","inLanguage":"es","@id":"https:\/\/goodworkinstitute.org\/on-todays-economic-blackout\/#primaryimage","url":"https:\/\/goodworkinstitute.org\/wp-content\/uploads\/2025\/02\/250228_Economic-Blackout-IG.png","contentUrl":"https:\/\/goodworkinstitute.org\/wp-content\/uploads\/2025\/02\/250228_Economic-Blackout-IG.png","width":1080,"height":1350},{"@type":"BreadcrumbList","@id":"https:\/\/goodworkinstitute.org\/on-todays-economic-blackout\/#breadcrumb","itemListElement":[{"@type":"ListItem","position":1,"name":"Home","item":"https:\/\/goodworkinstitute.org\/"},{"@type":"ListItem","position":2,"name":"On Today&#8217;s Economic Blackout"}]},{"@type":"WebSite","@id":"https:\/\/goodworkinstitute.org\/#website","url":"https:\/\/goodworkinstitute.org\/","name":"Instituto del Buen Trabajo","description":"Hacia una transici\u00f3n justa","potentialAction":[{"@type":"SearchAction","target":{"@type":"EntryPoint","urlTemplate":"https:\/\/goodworkinstitute.org\/?s={search_term_string}"},"query-input":{"@type":"PropertyValueSpecification","valueRequired":true,"valueName":"search_term_string"}}],"inLanguage":"es"},{"@type":"Person","@id":"https:\/\/goodworkinstitute.org\/#\/schema\/person\/e8281768cdbde7be003d685cb37b00b1","name":"Helene","image":{"@type":"ImageObject","inLanguage":"es","@id":"https:\/\/secure.gravatar.com\/avatar\/d30ebffcb2a9276648ce412c28db0a81a5f6dff5fab13e09ac06c20f13be8ae3?s=96&d=mm&r=g","url":"https:\/\/secure.gravatar.com\/avatar\/d30ebffcb2a9276648ce412c28db0a81a5f6dff5fab13e09ac06c20f13be8ae3?s=96&d=mm&r=g","contentUrl":"https:\/\/secure.gravatar.com\/avatar\/d30ebffcb2a9276648ce412c28db0a81a5f6dff5fab13e09ac06c20f13be8ae3?s=96&d=mm&r=g","caption":"Helene"},"url":"https:\/\/goodworkinstitute.org\/es\/author\/helene\/"}]}},"_links":{"self":[{"href":"https:\/\/goodworkinstitute.org\/es\/wp-json\/wp\/v2\/posts\/16753","targetHints":{"allow":["GET"]}}],"collection":[{"href":"https:\/\/goodworkinstitute.org\/es\/wp-json\/wp\/v2\/posts"}],"about":[{"href":"https:\/\/goodworkinstitute.org\/es\/wp-json\/wp\/v2\/types\/post"}],"author":[{"embeddable":true,"href":"https:\/\/goodworkinstitute.org\/es\/wp-json\/wp\/v2\/users\/4"}],"replies":[{"embeddable":true,"href":"https:\/\/goodworkinstitute.org\/es\/wp-json\/wp\/v2\/comments?post=16753"}],"version-history":[{"count":2,"href":"https:\/\/goodworkinstitute.org\/es\/wp-json\/wp\/v2\/posts\/16753\/revisions"}],"predecessor-version":[{"id":17008,"href":"https:\/\/goodworkinstitute.org\/es\/wp-json\/wp\/v2\/posts\/16753\/revisions\/17008"}],"wp:featuredmedia":[{"embeddable":true,"href":"https:\/\/goodworkinstitute.org\/es\/wp-json\/wp\/v2\/media\/16754"}],"wp:attachment":[{"href":"https:\/\/goodworkinstitute.org\/es\/wp-json\/wp\/v2\/media?parent=16753"}],"wp:term":[{"taxonomy":"category","embeddable":true,"href":"https:\/\/goodworkinstitute.org\/es\/wp-json\/wp\/v2\/categories?post=16753"},{"taxonomy":"post_tag","embeddable":true,"href":"https:\/\/goodworkinstitute.org\/es\/wp-json\/wp\/v2\/tags?post=16753"},{"taxonomy":"post-template","embeddable":true,"href":"https:\/\/goodworkinstitute.org\/es\/wp-json\/wp\/v2\/post-template?post=16753"},{"taxonomy":"collections","embeddable":true,"href":"https:\/\/goodworkinstitute.org\/es\/wp-json\/wp\/v2\/collections?post=16753"},{"taxonomy":"series","embeddable":true,"href":"https:\/\/goodworkinstitute.org\/es\/wp-json\/wp\/v2\/series?post=16753"}],"curies":[{"name":"wp","href":"https:\/\/api.w.org\/{rel}","templated":true}]}}